{"id":1046,"date":"2019-07-15T12:18:45","date_gmt":"2019-07-15T20:18:45","guid":{"rendered":"https:\/\/urshop.mx\/blog\/?p=1046"},"modified":"2019-07-15T12:18:47","modified_gmt":"2019-07-15T20:18:47","slug":"prorroga-para-entregar-contabilidad-electronica","status":"publish","type":"post","link":"https:\/\/urshop.mx\/blog\/prorroga-para-entregar-contabilidad-electronica\/","title":{"rendered":"Pr\u00f3rroga para entregar Contabilidad Electr\u00f3nica"},"content":{"rendered":"\n<p> Publicado: 5 Jul 2019 Por:\u00a0Benito Barragan <\/p>\n\n\n\n<p>Post original:  <a href=\"https:\/\/blog.contpaqi.com\/pr%C3%B3rroga-para-entregar-contabilidad-electr%C3%B3nica\">https:\/\/blog.contpaqi.com\/pr%C3%B3rroga-para-entregar-contabilidad-electr%C3%B3nica<\/a> <\/p>\n\n\n\n<p>En estos d\u00edas, la Contabilidad Electr\u00f3nica ha dado de que hablar, ya que el d\u00eda 4 de julio el Servicio de Administraci\u00f3n Tributaria (SAT) anunci\u00f3 una pr\u00f3rroga para la presentaci\u00f3n de la correspondiente a los meses de mayo y junio 2019.<\/p>\n\n\n\n<p>De acuerdo con la autoridad fiscal, estas son las fechas en las que los contribuyentes deben presentar su Contabilidad Electr\u00f3nica:<\/p>\n\n\n\n<table class=\"wp-block-table\"><tbody><tr><td><strong>Tipo de contribuyente<\/strong><\/td><td><strong>Contabilidad Electr\u00f3nica a entregar<\/strong><\/td><td><strong>Plazo de entrega<\/strong><\/td><\/tr><tr><td>Personas Morales<\/td><td>Mayo y junio 2019<\/td><td>Agosto 3 de 2019<\/td><\/tr><tr><td>Personas F\u00edsicas<\/td><td>Mayo y junio 2019<\/td><td>Agosto 5 de 2019<\/td><\/tr><\/tbody><\/table>\n\n\n\n<p>Respecto a la Balanza de Comprobaci\u00f3n, ajustada al cierre del ejercicio, las Personas F\u00edsicas podr\u00e1n hacerlo en el mes de julio de 2019.<\/p>\n\n\n\n<h1 class=\"wp-block-heading\">\u00bfQu\u00e9 dice el SAT al respecto?<\/h1>\n\n\n\n<h1 class=\"wp-block-heading\">En&nbsp; su p\u00e1gina, el Servicio de Administraci\u00f3n Tributaria (SAT) da a conocer los detalles y fundamenta el por qu\u00e9 de este cambio que para los contribuyentes se convierte en una acci\u00f3n para tener m\u00e1s tiempo para preparar y revisar la informaci\u00f3n a entregar.<\/h1>\n\n\n\n<p>En el portal del SAT, se comenta que derivado de la publicaci\u00f3n del Anexo 24 de la Resoluci\u00f3n Miscel\u00e1nea Fiscal para 2019, en el Diario Oficial de la Federaci\u00f3n (DOF) del 7 de mayo de este a\u00f1o, se informa lo siguiente:<\/p>\n\n\n\n<p><em>&#8220;Para los efectos de la regla 2.8.1.7, fracci\u00f3n II, incusos a) y b), la informaci\u00f3n correspondiente al mes de mayo de 2019 podr\u00e1 presentarse conjuntamente con la informaci\u00f3n del mes de junio de 2019; es decir, para Personas Morales a m\u00e1s tardar en los primeros tres d\u00edas del segundo mes posterior al mes que corresponda la informaci\u00f3n a enviar y para las Personas F\u00edsicas a m\u00e1s tardar en los primeros cinco d\u00edas del segundo mes posterior al mes que corresponda la informaci\u00f3n a enviar&#8221;.<\/em><\/p>\n\n\n\n<p>Y a\u00f1ade:<\/p>\n\n\n\n<p><em>&#8220;Por lo que hace a la regla 2.8.1.7, fracci\u00f3n II, inciso e), las Personas F\u00edsicas podr\u00e1n presentar su Balanza de Comprobaci\u00f3n ajustada al cierre del ejercicio a m\u00e1s tardar en el mes de julio de 2019&#8221;.<\/em><\/p>\n\n\n\n<h2 class=\"wp-block-heading\">Recordando que entregar<\/h2>\n\n\n\n<p>Recordemos que los contribuyentes obligados a entregar la Contabilidad Electr\u00f3nica deben preparar para su entrega:<\/p>\n\n\n\n<ul class=\"wp-block-list\"><li>Cat\u00e1logo de cuentas.<\/li><li>Entrega mensual de la Balanza de Comprobaci\u00f3n.<\/li><li>Y en caso de requerirse, la entrega de informaci\u00f3n de p\u00f3lizas y auxiliares.<\/li><\/ul>\n\n\n\n<p>Topics:&nbsp;<a href=\"https:\/\/blog.contpaqi.com\/tag\/contadores\">Contadores<\/a>,&nbsp;<a href=\"https:\/\/blog.contpaqi.com\/tag\/contaparanocontadores\">#ContaParaNoContadores<\/a>,&nbsp;<a href=\"https:\/\/blog.contpaqi.com\/tag\/lomasleido\">#LoM\u00e1sLe\u00eddo<\/a>,&nbsp;<a href=\"https:\/\/blog.contpaqi.com\/tag\/tuguiafiscal\">#TuGu\u00edaFiscal<\/a>,&nbsp;<a href=\"https:\/\/blog.contpaqi.com\/tag\/tendencias-fiscales\">Tendencias Fiscales<\/a>,&nbsp;<a href=\"https:\/\/blog.contpaqi.com\/tag\/gesti%C3%B3n-de-tu-empresa\">Gesti\u00f3n de tu empresa<\/a><\/p>\n","protected":false},"excerpt":{"rendered":"<p>Publicado: 5 Jul 2019 Por:\u00a0Benito Barragan Post original: https:\/\/blog.contpaqi.com\/pr%C3%B3rroga-para-entregar-contabilidad-electr%C3%B3nica En estos d\u00edas, la Contabilidad Electr\u00f3nica ha dado de que hablar, ya que el d\u00eda 4 de julio el Servicio de Administraci\u00f3n Tributaria (SAT) anunci\u00f3 una pr\u00f3rroga para la presentaci\u00f3n de la correspondiente a los meses de mayo y junio 2019. De acuerdo con la autoridad [&hellip;]<\/p>\n","protected":false},"author":1,"featured_media":1047,"comment_status":"open","ping_status":"open","sticky":false,"template":"","format":"standard","meta":{"footnotes":""},"categories":[1],"tags":[],"class_list":["post-1046","post","type-post","status-publish","format-standard","has-post-thumbnail","hentry","category-general"],"_links":{"self":[{"href":"https:\/\/urshop.mx\/blog\/wp-json\/wp\/v2\/posts\/1046","targetHints":{"allow":["GET"]}}],"collection":[{"href":"https:\/\/urshop.mx\/blog\/wp-json\/wp\/v2\/posts"}],"about":[{"href":"https:\/\/urshop.mx\/blog\/wp-json\/wp\/v2\/types\/post"}],"author":[{"embeddable":true,"href":"https:\/\/urshop.mx\/blog\/wp-json\/wp\/v2\/users\/1"}],"replies":[{"embeddable":true,"href":"https:\/\/urshop.mx\/blog\/wp-json\/wp\/v2\/comments?post=1046"}],"version-history":[{"count":1,"href":"https:\/\/urshop.mx\/blog\/wp-json\/wp\/v2\/posts\/1046\/revisions"}],"predecessor-version":[{"id":1048,"href":"https:\/\/urshop.mx\/blog\/wp-json\/wp\/v2\/posts\/1046\/revisions\/1048"}],"wp:featuredmedia":[{"embeddable":true,"href":"https:\/\/urshop.mx\/blog\/wp-json\/wp\/v2\/media\/1047"}],"wp:attachment":[{"href":"https:\/\/urshop.mx\/blog\/wp-json\/wp\/v2\/media?parent=1046"}],"wp:term":[{"taxonomy":"category","embeddable":true,"href":"https:\/\/urshop.mx\/blog\/wp-json\/wp\/v2\/categories?post=1046"},{"taxonomy":"post_tag","embeddable":true,"href":"https:\/\/urshop.mx\/blog\/wp-json\/wp\/v2\/tags?post=1046"}],"curies":[{"name":"wp","href":"https:\/\/api.w.org\/{rel}","templated":true}]}}