{"id":1065,"date":"2019-07-30T15:59:38","date_gmt":"2019-07-30T23:59:38","guid":{"rendered":"https:\/\/urshop.mx\/blog\/?p=1065"},"modified":"2019-07-30T15:59:40","modified_gmt":"2019-07-30T23:59:40","slug":"corrige-sat-catalogos-para-contabilidad-electronica-2019","status":"publish","type":"post","link":"https:\/\/urshop.mx\/blog\/corrige-sat-catalogos-para-contabilidad-electronica-2019\/","title":{"rendered":"Corrige SAT cat\u00e1logos para Contabilidad Electr\u00f3nica 2019"},"content":{"rendered":"\n<p>Publicado: 26 Jul 2019 Por:\u00a0CONTPAQi<\/p>\n\n\n\n<p>Este d\u00eda, 25 de junio de 2019, el Servicio de Administraci\u00f3n Tributaria (SAT) publica los cambios al Cat\u00e1logo de agrupadores y bancos para la Contabilidad Electr\u00f3nica.<\/p>\n\n\n\n<p>En su p\u00e1gina web, dicho organismo publica la versi\u00f3n anticipada de las modificaciones al Anexo 24, en donde se incluye a la Contabilidad Electr\u00f3nica 2019.<\/p>\n\n\n\n<h1 class=\"wp-block-heading\">Correcci\u00f3n al Cat\u00e1logo de cuentas<\/h1>\n\n\n\n<p>El Servicio de Administraci\u00f3n Tributaria (SAT) hace la correcci\u00f3n del Cat\u00e1logo de cuentas para agregar los nuevos c\u00f3digos agrupadores y nombre de subcuentas; quedando de la siguiente forma:<\/p>\n\n\n\n<table class=\"wp-block-table\"><tbody><tr><td><strong>Agrupador<\/strong><\/td><td><strong>Descripci\u00f3n<\/strong><\/td><\/tr><tr><td>401.39<\/td><td>Ventas y\/o servicios gravados realizados en zona fronteriza norte.<\/td><\/tr><tr><td>401.40<\/td><td>Ventas y\/o servicios gravados realizados en zona fronteriza norte de contado.<\/td><\/tr><tr><td>401.41<\/td><td>Ventas y\/o servicios gravados realizados en&nbsp;zona fronteriza norte a cr\u00e9dito.<\/td><\/tr><tr><td>402.05<\/td><td>Devoluciones, descuentos o bonificaciones sobre ventas y\/o servicios en zona fronteriza norte.<\/td><\/tr><\/tbody><\/table>\n\n\n\n<p>Adicionalmente, se agrega en el Cat\u00e1logo de Bancos la Clave Fiscal 156 para el banco Sabadell.<\/p>\n\n\n\n<h2 class=\"wp-block-heading\">Impacto del cambio en tus actividades contables<\/h2>\n\n\n\n<p>Recuerda que el 7 de mayo, en el Diario Oficial de la Federaci\u00f3n (DOF),&nbsp; el SAT anunciaba el Anexo 24 de la Resoluci\u00f3n Miscel\u00e1nea Fiscal (RMF) para 2019; en donde incluy\u00f3 modificaciones para la Contabilidad Electr\u00f3nica y justo uno de los cambios fue recorrer algunos agrupadores de las secciones 401 y 402 relacionados con el Est\u00edmulo Fiscal de la Regi\u00f3n Fronteriza Norte del pa\u00eds.<\/p>\n\n\n\n<p>Con la correcci\u00f3n anunciado este d\u00eda,&nbsp; establece dos escenarios para atender la Contabilidad Electr\u00f3nica 2019:<\/p>\n\n\n\n<ol class=\"wp-block-list\"><li>Los contribuyentes que no utilicen o tengan conceptos de ingresos en la frontera norte de M\u00e9xico, pueden enviar sus Cat\u00e1logos de cuentas sin m\u00e1s retrasos ni contratiempos con la versi\u00f3n actual de su software contable. Corresponde a ellos evaluar la actualizaci\u00f3n de su software, si lo consideran necesario.<\/li><li>Aquellos contribuyentes que si tengan operaciones en la zona norte del pa\u00eds, ser\u00e1 necesario que clasifiquen estos d\u00edgitos en su Cat\u00e1logo de cuentas. En ese sentido, consideramos, deben revisar la disponibilidad de su software contable a fin de cumplir con los nuevos requisitos del SAT para la Contabilidad Electr\u00f3nica 2019.<\/li><\/ol>\n\n\n\n<h3 class=\"wp-block-heading\">Presentaci\u00f3n de la Contabilidad Electr\u00f3nica<\/h3>\n\n\n\n<p>A manera de recordatorio, en el portal del SAT est\u00e1n las fechas para la presentaci\u00f3n de la Contabilidad Electr\u00f3nica; la cual es de la siguiente manera:<\/p>\n\n\n\n<table class=\"wp-block-table\"><tbody><tr><td><strong>Tipo de contribuyente<\/strong><\/td><td><strong>Contabilidad Electr\u00f3nica del mes<\/strong><\/td><td><strong>Plazo de entrega<\/strong><\/td><\/tr><tr><td>Personas Morales<\/td><td>Mayo y junio 2019<\/td><td>Agosto 3 de 2019<\/td><\/tr><tr><td>Personas F\u00edsicas<\/td><td>Mayo y junio 2019<\/td><td>Agosto 5 de 2019<\/td><\/tr><\/tbody><\/table>\n\n\n\n<p>Respecto a la entrega de la&nbsp;Balanza de Comprobaci\u00f3n, ajustada al cierre del ejercicio,&nbsp;las Personas F\u00edsicas&nbsp;podr\u00e1n&nbsp;entregar&nbsp;en&nbsp; julio&nbsp;2019.<\/p>\n\n\n\n<p>Consulta los detalles que da a conocer el SAT,&nbsp;<a href=\"https:\/\/www.sat.gob.mx\/aplicacion\/42150\/envia-tu-contabilidad-electronica\"><strong>haciendo clic aqu\u00ed.<\/strong><\/a><\/p>\n\n\n\n<p>Topics:&nbsp;<a href=\"https:\/\/blog.contpaqi.com\/tag\/contadores\">Contadores<\/a>,&nbsp;<a href=\"https:\/\/blog.contpaqi.com\/tag\/contaparanocontadores\">#ContaParaNoContadores<\/a>,&nbsp;<a href=\"https:\/\/blog.contpaqi.com\/tag\/lomasleido\">#LoM\u00e1sLe\u00eddo<\/a>,&nbsp;<a href=\"https:\/\/blog.contpaqi.com\/tag\/tendencias-fiscales\">Tendencias Fiscales<\/a>,&nbsp;<a href=\"https:\/\/blog.contpaqi.com\/tag\/contabilidad\">#Contabilidad<\/a>,<a href=\"https:\/\/blog.contpaqi.com\/tag\/contabildiadelectr%C3%B3nica\">#ContabildiadElectr\u00f3nica<\/a><\/p>\n","protected":false},"excerpt":{"rendered":"<p>Publicado: 26 Jul 2019 Por:\u00a0CONTPAQi Este d\u00eda, 25 de junio de 2019, el Servicio de Administraci\u00f3n Tributaria (SAT) publica los cambios al Cat\u00e1logo de agrupadores y bancos para la Contabilidad Electr\u00f3nica. En su p\u00e1gina web, dicho organismo publica la versi\u00f3n anticipada de las modificaciones al Anexo 24, en donde se incluye a la Contabilidad Electr\u00f3nica [&hellip;]<\/p>\n","protected":false},"author":1,"featured_media":1066,"comment_status":"open","ping_status":"open","sticky":false,"template":"","format":"standard","meta":{"footnotes":""},"categories":[13,21],"tags":[],"class_list":["post-1065","post","type-post","status-publish","format-standard","has-post-thumbnail","hentry","category-contpaq-i-contabilidad","category-factura-electronica-contpaqi"],"_links":{"self":[{"href":"https:\/\/urshop.mx\/blog\/wp-json\/wp\/v2\/posts\/1065","targetHints":{"allow":["GET"]}}],"collection":[{"href":"https:\/\/urshop.mx\/blog\/wp-json\/wp\/v2\/posts"}],"about":[{"href":"https:\/\/urshop.mx\/blog\/wp-json\/wp\/v2\/types\/post"}],"author":[{"embeddable":true,"href":"https:\/\/urshop.mx\/blog\/wp-json\/wp\/v2\/users\/1"}],"replies":[{"embeddable":true,"href":"https:\/\/urshop.mx\/blog\/wp-json\/wp\/v2\/comments?post=1065"}],"version-history":[{"count":1,"href":"https:\/\/urshop.mx\/blog\/wp-json\/wp\/v2\/posts\/1065\/revisions"}],"predecessor-version":[{"id":1067,"href":"https:\/\/urshop.mx\/blog\/wp-json\/wp\/v2\/posts\/1065\/revisions\/1067"}],"wp:featuredmedia":[{"embeddable":true,"href":"https:\/\/urshop.mx\/blog\/wp-json\/wp\/v2\/media\/1066"}],"wp:attachment":[{"href":"https:\/\/urshop.mx\/blog\/wp-json\/wp\/v2\/media?parent=1065"}],"wp:term":[{"taxonomy":"category","embeddable":true,"href":"https:\/\/urshop.mx\/blog\/wp-json\/wp\/v2\/categories?post=1065"},{"taxonomy":"post_tag","embeddable":true,"href":"https:\/\/urshop.mx\/blog\/wp-json\/wp\/v2\/tags?post=1065"}],"curies":[{"name":"wp","href":"https:\/\/api.w.org\/{rel}","templated":true}]}}