{"id":1111,"date":"2021-01-27T15:52:36","date_gmt":"2021-01-27T23:52:36","guid":{"rendered":"https:\/\/urshop.mx\/blog\/?p=1111"},"modified":"2021-01-27T15:52:39","modified_gmt":"2021-01-27T23:52:39","slug":"novedades-para-calculo-de-subsidio-con-ajuste-mensual-y-tarifas-2021-isr-uma-y-umi","status":"publish","type":"post","link":"https:\/\/urshop.mx\/blog\/novedades-para-calculo-de-subsidio-con-ajuste-mensual-y-tarifas-2021-isr-uma-y-umi\/","title":{"rendered":"Novedades para C\u00e1lculo de subsidio con ajuste mensual y tarifas 2021 ISR, UMA y UMI"},"content":{"rendered":"\n<p><strong>Disponible CONTPAQi\u00ae N\u00f3minas 13.2.1<\/strong><\/p>\n\n\n\n<p><strong>Conoce las novedades<\/strong><\/p>\n\n\n\n<p>A partir de este d\u00eda est\u00e1 disponible\u00a0<strong>CONTPAQi\u00ae N\u00f3minas 13.2.1<\/strong>\u00a0en\u00a0<a href=\"https:\/\/urshop.mx\">urshop<\/a><a href=\"http:\/\/contpaqi.com\/\">.mx<\/a>\u00a0<\/p>\n\n\n\n<p><strong>Novedades<\/strong><\/p>\n\n\n\n<ul class=\"wp-block-list\"><li>C\u00e1lculo de subsidio con ajuste mensual<ul><li>Tablero fiscal<ul><li>Conciliaci\u00f3n anual de Sueldos y Salarios<\/li><li>Considera los conceptos de ajuste<\/li><li>Mejoras en la presentaci\u00f3n de los importes<\/li><\/ul><\/li><li>Nueva conciliaci\u00f3n Ajuste subsidio e ISR mes<ul><li>Por empleado<\/li><li>Por mes<\/li><li>Anual<\/li><\/ul><\/li><li>Forma 37 &#8211; Considera los conceptos de ajuste<\/li><\/ul><\/li><li>Actualizaci\u00f3n de las tarifas 2021:<ul><li>Salarios m\u00ednimos<\/li><li>UMA<\/li><li>UMI<\/li><li>ISR mensual (las tablas anuales se actualizar\u00e1n en una versi\u00f3n futura&nbsp; para permitir que&nbsp; el&nbsp; proceso del c\u00e1lculo anual 2020 siga utilizando las tablas 2020)<\/li><\/ul><\/li><li>Instalador<ul><li>Actualizaci\u00f3n de las empresas predeterminadas para disminuir la fragmentaci\u00f3n en los \u00edndices<\/li><li>Compatibilidad para TLS 1.2 en la validaci\u00f3n de credenciales de SQL durante la instalaci\u00f3n<\/li><\/ul><\/li><\/ul>\n\n\n\n<p><strong>Mejoras<\/strong><\/p>\n\n\n\n<ul class=\"wp-block-list\"><li>Proceso de Modificaci\u00f3n de SBC \u2013 Error en el m\u00e9todo Show a ra\u00edz de actualizaci\u00f3n de Microsoft<\/li><li>Reporte C\u00e1lculo de SBC \u2013 Empleados de baja en periodos autorizados<\/li><li>Tablero fiscal \u2013 Base gravada correcta en conciliaciones de m\u00e1s de una empresa<\/li><li>C\u00e1lculo de INFONAVIT \u2013 C\u00e1lculo del descuento en empleados con vacaciones futuras, pagadas en el periodo vigente<\/li><li>Simulaci\u00f3n de INFONAVIT \u2013 Con tarjetas activas e inactivas del mismo tipo de cr\u00e9dito<\/li><li>Pren\u00f3mina \u2013 Se habilita la b\u00fasqueda de empleados al final de la pren\u00f3mina (nuevo registro)<\/li><li>Cat\u00e1logo tipo de periodo \u2013 Mantienen el ejercicio correspondiente al aplicar cambios<\/li><li>C\u00e1lculo anual \u2013 Considera en la proyecci\u00f3n de la base gravada los periodos extraordinarios con fecha posterior a la fecha del periodo vigente, siempre y cuando correspondan al ejercicio<\/li><li>Importaci\u00f3n de movimientos permanentes \u2013 importaci\u00f3n correcta de tarjetas INFONAVIT<\/li><li>Hoja electr\u00f3nica \u2013 importaci\u00f3n por hoja electr\u00f3nica cuando el id del empleado es muy grande<\/li><li>Impresi\u00f3n masiva \u2013 Permite seleccionar periodos mayores a 999<\/li><\/ul>\n\n\n\n<p>Para saber m\u00e1s:<\/p>\n\n\n\n<ul class=\"wp-block-list\"><li>Carta t\u00e9cnica en HTML:<a href=\"http:\/\/contpaq.getresponse360.com\/click.html?x=a62e&amp;lc=q2&amp;mc=U&amp;s=OeC&amp;u=5&amp;z=1h41egc&amp;\" target=\"_blank\" rel=\"noreferrer noopener\">&nbsp;<\/a><a href=\"http:\/\/contpaq.getresponse360.com\/click.html?x=a62e&amp;lc=q7&amp;mc=U&amp;s=OeC&amp;u=5&amp;z=11OckmD&amp;\" target=\"_blank\" rel=\"noreferrer noopener\">c<\/a><a href=\"http:\/\/contpaq.getresponse360.com\/click.html?x=a62e&amp;lc=q6&amp;mc=U&amp;s=OeC&amp;u=5&amp;z=1nPCRoj&amp;\" target=\"_blank\" rel=\"noreferrer noopener\"><u>lic aqu\u00ed.<\/u><\/a><\/li><li>Carta t\u00e9cnica en PDF:<a href=\"http:\/\/contpaq.getresponse360.com\/click.html?x=a62e&amp;lc=qZ&amp;mc=U&amp;s=OeC&amp;u=5&amp;z=1i8Lumc&amp;\" target=\"_blank\" rel=\"noreferrer noopener\">&nbsp;<\/a><a href=\"http:\/\/contpaq.getresponse360.com\/click.html?x=a62e&amp;lc=qc&amp;mc=U&amp;s=OeC&amp;u=5&amp;z=1u1tkfp&amp;\" target=\"_blank\" rel=\"noreferrer noopener\"><u>clic aqui.<\/u><\/a><\/li><\/ul>\n","protected":false},"excerpt":{"rendered":"<p>Disponible CONTPAQi\u00ae N\u00f3minas 13.2.1 Conoce las novedades A partir de este d\u00eda est\u00e1 disponible\u00a0CONTPAQi\u00ae N\u00f3minas 13.2.1\u00a0en\u00a0urshop.mx\u00a0 Novedades C\u00e1lculo de subsidio con ajuste mensual Tablero fiscal Conciliaci\u00f3n anual de Sueldos y Salarios Considera los conceptos de ajuste Mejoras en la presentaci\u00f3n de los importes Nueva conciliaci\u00f3n Ajuste subsidio e ISR mes Por empleado Por mes Anual [&hellip;]<\/p>\n","protected":false},"author":1,"featured_media":1066,"comment_status":"open","ping_status":"open","sticky":false,"template":"","format":"standard","meta":{"footnotes":""},"categories":[1],"tags":[],"class_list":["post-1111","post","type-post","status-publish","format-standard","has-post-thumbnail","hentry","category-general"],"_links":{"self":[{"href":"https:\/\/urshop.mx\/blog\/wp-json\/wp\/v2\/posts\/1111","targetHints":{"allow":["GET"]}}],"collection":[{"href":"https:\/\/urshop.mx\/blog\/wp-json\/wp\/v2\/posts"}],"about":[{"href":"https:\/\/urshop.mx\/blog\/wp-json\/wp\/v2\/types\/post"}],"author":[{"embeddable":true,"href":"https:\/\/urshop.mx\/blog\/wp-json\/wp\/v2\/users\/1"}],"replies":[{"embeddable":true,"href":"https:\/\/urshop.mx\/blog\/wp-json\/wp\/v2\/comments?post=1111"}],"version-history":[{"count":1,"href":"https:\/\/urshop.mx\/blog\/wp-json\/wp\/v2\/posts\/1111\/revisions"}],"predecessor-version":[{"id":1112,"href":"https:\/\/urshop.mx\/blog\/wp-json\/wp\/v2\/posts\/1111\/revisions\/1112"}],"wp:featuredmedia":[{"embeddable":true,"href":"https:\/\/urshop.mx\/blog\/wp-json\/wp\/v2\/media\/1066"}],"wp:attachment":[{"href":"https:\/\/urshop.mx\/blog\/wp-json\/wp\/v2\/media?parent=1111"}],"wp:term":[{"taxonomy":"category","embeddable":true,"href":"https:\/\/urshop.mx\/blog\/wp-json\/wp\/v2\/categories?post=1111"},{"taxonomy":"post_tag","embeddable":true,"href":"https:\/\/urshop.mx\/blog\/wp-json\/wp\/v2\/tags?post=1111"}],"curies":[{"name":"wp","href":"https:\/\/api.w.org\/{rel}","templated":true}]}}