{"id":1141,"date":"2021-03-19T07:54:56","date_gmt":"2021-03-19T15:54:56","guid":{"rendered":"https:\/\/urshop.mx\/blog\/?p=1141"},"modified":"2021-03-19T07:54:58","modified_gmt":"2021-03-19T15:54:58","slug":"curso-intensivo-de-contpaqi-comercial-start-y-pro-sesion-9","status":"publish","type":"post","link":"https:\/\/urshop.mx\/blog\/curso-intensivo-de-contpaqi-comercial-start-y-pro-sesion-9\/","title":{"rendered":"Curso Intensivo de CONTPAQi\u00ae Comercial Start y Pro Sesi\u00f3n 9"},"content":{"rendered":"\n<ul class=\"wp-block-list\"><li>Modificar m\u00f3dulos.<\/li><li>Renombrar.<\/li><li>Mover.<\/li><li>Copiar.<\/li><li>Pegar.<\/li><li>Cortar.<\/li><li>Duplicar.<\/li><li>Eliminar.<\/li><li>Crear nuevas carpetas de agrupamiento.<\/li><li>Propiedades<\/li><li>Asignar iconos a columnas del m\u00f3dulo<\/li><li>Modificar el comportamiento de los m\u00f3dulos. (Pesta\u00f1a par\u00e1metro)<\/li><li>Columnas<\/li><li>Componentes<\/li><li>Contabilidad<\/li><li>Documento<\/li><li>Filtros<\/li><li>Funcionalidad<\/li><li>Men\u00fa<\/li><li>Otro<\/li><li>Par\u00e1metro<\/li><li>Configurar serie y folio (Mascarilla) en los m\u00f3dulos<\/li><li>Columnas extras a nivel de movimiento y documento<\/li><li>Agregar campo a las tablas para la importaci\u00f3n de documentos en Excel<\/li><\/ul>\n\n\n\n<figure class=\"wp-block-embed is-type-video is-provider-youtube wp-block-embed-youtube wp-embed-aspect-16-9 wp-has-aspect-ratio\"><div class=\"wp-block-embed__wrapper\">\n<iframe loading=\"lazy\" title=\"Curso Intensivo de CONTPAQi\u00ae Comercial Start y Pro Sesi\u00f3n 9\" width=\"806\" height=\"453\" src=\"https:\/\/www.youtube.com\/embed\/XiF2SUw6wcE?feature=oembed\" frameborder=\"0\" allow=\"accelerometer; autoplay; clipboard-write; encrypted-media; gyroscope; picture-in-picture\" allowfullscreen><\/iframe>\n<\/div><\/figure>\n","protected":false},"excerpt":{"rendered":"<p>Modificar m\u00f3dulos. Renombrar. Mover. Copiar. Pegar. Cortar. Duplicar. Eliminar. Crear nuevas carpetas de agrupamiento. Propiedades Asignar iconos a columnas del m\u00f3dulo Modificar el comportamiento de los m\u00f3dulos. (Pesta\u00f1a par\u00e1metro) Columnas Componentes Contabilidad Documento Filtros Funcionalidad Men\u00fa Otro Par\u00e1metro Configurar serie y folio (Mascarilla) en los m\u00f3dulos Columnas extras a nivel de movimiento y documento Agregar [&hellip;]<\/p>\n","protected":false},"author":5,"featured_media":1085,"comment_status":"open","ping_status":"open","sticky":false,"template":"","format":"standard","meta":{"footnotes":""},"categories":[46],"tags":[],"class_list":["post-1141","post","type-post","status-publish","format-standard","has-post-thumbnail","hentry","category-comercial-start-y-pro"],"_links":{"self":[{"href":"https:\/\/urshop.mx\/blog\/wp-json\/wp\/v2\/posts\/1141","targetHints":{"allow":["GET"]}}],"collection":[{"href":"https:\/\/urshop.mx\/blog\/wp-json\/wp\/v2\/posts"}],"about":[{"href":"https:\/\/urshop.mx\/blog\/wp-json\/wp\/v2\/types\/post"}],"author":[{"embeddable":true,"href":"https:\/\/urshop.mx\/blog\/wp-json\/wp\/v2\/users\/5"}],"replies":[{"embeddable":true,"href":"https:\/\/urshop.mx\/blog\/wp-json\/wp\/v2\/comments?post=1141"}],"version-history":[{"count":1,"href":"https:\/\/urshop.mx\/blog\/wp-json\/wp\/v2\/posts\/1141\/revisions"}],"predecessor-version":[{"id":1142,"href":"https:\/\/urshop.mx\/blog\/wp-json\/wp\/v2\/posts\/1141\/revisions\/1142"}],"wp:featuredmedia":[{"embeddable":true,"href":"https:\/\/urshop.mx\/blog\/wp-json\/wp\/v2\/media\/1085"}],"wp:attachment":[{"href":"https:\/\/urshop.mx\/blog\/wp-json\/wp\/v2\/media?parent=1141"}],"wp:term":[{"taxonomy":"category","embeddable":true,"href":"https:\/\/urshop.mx\/blog\/wp-json\/wp\/v2\/categories?post=1141"},{"taxonomy":"post_tag","embeddable":true,"href":"https:\/\/urshop.mx\/blog\/wp-json\/wp\/v2\/tags?post=1141"}],"curies":[{"name":"wp","href":"https:\/\/api.w.org\/{rel}","templated":true}]}}