{"id":637,"date":"2015-04-02T01:47:49","date_gmt":"2015-04-02T01:47:49","guid":{"rendered":"http:\/\/urshop.mx\/blog\/?p=637"},"modified":"2015-05-01T06:00:43","modified_gmt":"2015-05-01T06:00:43","slug":"liberacion-contpaqi-nominas-7-0-1","status":"publish","type":"post","link":"https:\/\/urshop.mx\/blog\/liberacion-contpaqi-nominas-7-0-1\/","title":{"rendered":"Liberacion CONTPAQi\u00ae N\u00f3minas 7.0.1"},"content":{"rendered":"<p><span style=\"color: #3366ff;\"><strong><a style=\"color: #3366ff;\" href=\"http:\/\/urshop.mx\/blog\/wp-content\/uploads\/2015\/03\/CONTPAQi_No\u0301minas_LogotipoProducto2015_06MZO15.png\"><img loading=\"lazy\" decoding=\"async\" class=\"aligncenter size-medium wp-image-626\" src=\"http:\/\/urshop.mx\/blog\/wp-content\/uploads\/2015\/03\/CONTPAQi_No\u0301minas_LogotipoProducto2015_06MZO15-300x77.png\" alt=\"CONTPAQi_No\u0301minas_LogotipoProducto2015_06MZO15\" width=\"300\" height=\"77\" srcset=\"https:\/\/urshop.mx\/blog\/wp-content\/uploads\/2015\/03\/CONTPAQi_No\u0301minas_LogotipoProducto2015_06MZO15-300x77.png 300w, https:\/\/urshop.mx\/blog\/wp-content\/uploads\/2015\/03\/CONTPAQi_No\u0301minas_LogotipoProducto2015_06MZO15-1024x264.png 1024w, https:\/\/urshop.mx\/blog\/wp-content\/uploads\/2015\/03\/CONTPAQi_No\u0301minas_LogotipoProducto2015_06MZO15.png 1167w\" sizes=\"auto, (max-width: 300px) 100vw, 300px\" \/><\/a>Novedades 7.0.1<\/strong><\/span><\/p>\n<p><strong>Preliminar e Impresi\u00f3n Infonavit<\/strong><\/p>\n<p><strong>Beneficio<\/strong><br \/>\nA partir de esta versi\u00f3n podr\u00e1s consultar la vista preliminar o imprimir el reporte de Estado de cuenta Infonavit desde la pesta\u00f1a Infonavit del sobre recibo<\/p>\n<p>&nbsp;<\/p>\n<p><strong>Preliminar<\/strong><br \/>\nAl abrir el sobre-recibo podr\u00e1s seleccionar el bot\u00f3n Preliminar e Imprimir de la pesta\u00f1a Infonavit para visualizar el reporte Estado de Cuenta Infonavit de empleados acreditados con la informaci\u00f3n por default del empleado y periodo seleccionado.<br \/>\nImportante: la visualizaci\u00f3n del reporte usando los botones Preliminar e Imprimir s\u00f3lo se permitir\u00e1 si se cuenta con una licencia activa y permisos de usuario para reportes de IMSS\/Infonavit.<\/p>\n<p>&nbsp;<\/p>\n<p><img decoding=\"async\" src=\"http:\/\/urshop.mx\/media\/wysiwyg\/Carta_Tecnica_Nominas_701.jpg\" alt=\"\" width=\"700\" \/><\/p>\n<p>&nbsp;<\/p>\n<p>&nbsp;<\/p>\n<p><strong>Nuevas Validaciones<\/strong><\/p>\n<p><strong>Beneficio<\/strong><br \/>\nA partir de esta versi\u00f3n, se valida que al momento de dar de alta una empresa, un registro patronal o tipo de periodo, no se permita la captura de caracteres especiales, con la finalidad de evitar inconsistencias en la BDD.<br \/>\n<strong>Captura<\/strong><br \/>\nAl crear la empresa en la pesta\u00f1a Registros (campo Registro patronal del IMSS) o ingresar al Cat\u00e1logo Registro Patronal (campo Localidad) y Tipo de periodo (campo Nombre) no permite asignar caracteres especiales (\u201c#$%&amp;():*?).<\/p>\n<p>&nbsp;<\/p>\n<p><a href=\"http:\/\/urshop.mx\/blog\/wp-content\/uploads\/2015\/04\/Carta_Tecnica_Nominas_701-2.jpg\"><img loading=\"lazy\" decoding=\"async\" class=\"aligncenter size-full wp-image-638\" src=\"http:\/\/urshop.mx\/blog\/wp-content\/uploads\/2015\/04\/Carta_Tecnica_Nominas_701-2.jpg\" alt=\"Carta_Tecnica_Nominas_701-2\" width=\"629\" height=\"590\" srcset=\"https:\/\/urshop.mx\/blog\/wp-content\/uploads\/2015\/04\/Carta_Tecnica_Nominas_701-2.jpg 629w, https:\/\/urshop.mx\/blog\/wp-content\/uploads\/2015\/04\/Carta_Tecnica_Nominas_701-2-300x281.jpg 300w\" sizes=\"auto, (max-width: 629px) 100vw, 629px\" \/><\/a><a href=\"http:\/\/urshop.mx\/blog\/wp-content\/uploads\/2015\/04\/Carta_Tecnica_Nominas_701-3.jpg\"><img loading=\"lazy\" decoding=\"async\" class=\"aligncenter size-full wp-image-639\" src=\"http:\/\/urshop.mx\/blog\/wp-content\/uploads\/2015\/04\/Carta_Tecnica_Nominas_701-3.jpg\" alt=\"Carta_Tecnica_Nominas_701-3\" width=\"557\" height=\"493\" srcset=\"https:\/\/urshop.mx\/blog\/wp-content\/uploads\/2015\/04\/Carta_Tecnica_Nominas_701-3.jpg 557w, https:\/\/urshop.mx\/blog\/wp-content\/uploads\/2015\/04\/Carta_Tecnica_Nominas_701-3-300x266.jpg 300w\" sizes=\"auto, (max-width: 557px) 100vw, 557px\" \/><\/a><a href=\"http:\/\/urshop.mx\/blog\/wp-content\/uploads\/2015\/04\/Carta_Tecnica_Nominas_701-4.jpg\"><img loading=\"lazy\" decoding=\"async\" class=\"aligncenter size-full wp-image-640\" src=\"http:\/\/urshop.mx\/blog\/wp-content\/uploads\/2015\/04\/Carta_Tecnica_Nominas_701-4.jpg\" alt=\"Carta_Tecnica_Nominas_701-4\" width=\"500\" height=\"514\" srcset=\"https:\/\/urshop.mx\/blog\/wp-content\/uploads\/2015\/04\/Carta_Tecnica_Nominas_701-4.jpg 500w, https:\/\/urshop.mx\/blog\/wp-content\/uploads\/2015\/04\/Carta_Tecnica_Nominas_701-4-292x300.jpg 292w\" sizes=\"auto, (max-width: 500px) 100vw, 500px\" \/><\/a><\/p>\n<p>&nbsp;<\/p>\n<p>&nbsp;<\/p>\n<p><strong>Nuevo CFG<\/strong><\/p>\n<p><strong>Beneficio<\/strong><br \/>\nEn esta versi\u00f3n se incluyen un nuevos CFG de Bancomer Dispersi\u00f3n 232 para el pago electr\u00f3nico de n\u00f3mina.<\/p>\n<p><strong>Nuevos CFG\u2019s<\/strong><br \/>\nSe crearon los CFG: BBVA232.cfg, y BBVA232PeriodoAfectado.cfg, para el pago electr\u00f3nico de n\u00f3mina. Los archivos podr\u00e1s ubicarlos f\u00edsicamente en el directorio de reportes de n\u00f3minas o al momento de asignar el archivo de configuraci\u00f3n desde el asistente para la importaci\u00f3n y exportaci\u00f3n de archivos ASCII.<\/p>\n<p><a href=\"http:\/\/urshop.mx\/blog\/wp-content\/uploads\/2015\/04\/Carta_Tecnica_Nominas_701-5.jpg\"><img loading=\"lazy\" decoding=\"async\" class=\"aligncenter size-full wp-image-641\" src=\"http:\/\/urshop.mx\/blog\/wp-content\/uploads\/2015\/04\/Carta_Tecnica_Nominas_701-5.jpg\" alt=\"Carta_Tecnica_Nominas_701-5\" width=\"737\" height=\"506\" srcset=\"https:\/\/urshop.mx\/blog\/wp-content\/uploads\/2015\/04\/Carta_Tecnica_Nominas_701-5.jpg 737w, https:\/\/urshop.mx\/blog\/wp-content\/uploads\/2015\/04\/Carta_Tecnica_Nominas_701-5-300x206.jpg 300w\" sizes=\"auto, (max-width: 737px) 100vw, 737px\" \/><\/a><\/p>\n<p>&nbsp;<\/p>\n<p><strong>Instalaci\u00f3n<\/strong><\/p>\n<p><strong>Beneficio<\/strong><br \/>\nSe modific\u00f3 la redacci\u00f3n del mensaje que se muestra al actualizar a versi\u00f3n mayor.<br \/>\n<strong>Revocaci\u00f3n<\/strong><br \/>\nLa revocaci\u00f3n se aplicar\u00e1 solo con licenciamiento tradicional; en caso de ser licenciamiento anual continuar\u00e1 la vigencia de la licencia. El mensaje que se muestra es el siguiente:<\/p>\n<p><a href=\"http:\/\/urshop.mx\/blog\/wp-content\/uploads\/2015\/04\/Carta_Tecnica_Nominas_701-6.jpg\"><img loading=\"lazy\" decoding=\"async\" class=\"aligncenter size-full wp-image-642\" src=\"http:\/\/urshop.mx\/blog\/wp-content\/uploads\/2015\/04\/Carta_Tecnica_Nominas_701-6.jpg\" alt=\"Carta_Tecnica_Nominas_701-6\" width=\"510\" height=\"368\" srcset=\"https:\/\/urshop.mx\/blog\/wp-content\/uploads\/2015\/04\/Carta_Tecnica_Nominas_701-6.jpg 510w, https:\/\/urshop.mx\/blog\/wp-content\/uploads\/2015\/04\/Carta_Tecnica_Nominas_701-6-300x216.jpg 300w\" sizes=\"auto, (max-width: 510px) 100vw, 510px\" \/><\/a><\/p>\n<p><strong>Actualizaci\u00f3n de Salarios M\u00ednimos<\/strong><\/p>\n<p><strong>Beneficio<\/strong><br \/>\nEsta versi\u00f3n de CONTPAQi\u00ae N\u00f3minas ya cuenta con los Salarios M\u00ednimos por Zona Geogr\u00e1fica que entran en vigor a partir del 1ro de abril del 2015.<br \/>\nLa referencia de dichos importes puedes encontrarla en<br \/>\nhttp:\/\/www.conasami.gob.mx\/boletin_nvos_sal_abril_2015.html<br \/>\n<strong>Nuevos salarios<\/strong><br \/>\nLos nuevos salarios a considerar para c\u00e1lculos del 2015 son:<br \/>\nZona A<br \/>\nImporte $70.10<br \/>\nA<br \/>\n$70.10<br \/>\nZona B<br \/>\nImporte $68.28<br \/>\nZona C<br \/>\nMismo que zona B<\/p>\n<p><strong>Tablas de la empresa<\/strong><br \/>\nLos nuevos salarios podr\u00e1s encontrarlos en el sistema en el Cat\u00e1logo de tablas de la empresa opci\u00f3n SalariosMinimos:<\/p>\n<p><a href=\"http:\/\/urshop.mx\/blog\/wp-content\/uploads\/2015\/04\/Carta_Tecnica_Nominas_701-7.jpg\"><img loading=\"lazy\" decoding=\"async\" class=\"aligncenter size-full wp-image-643\" src=\"http:\/\/urshop.mx\/blog\/wp-content\/uploads\/2015\/04\/Carta_Tecnica_Nominas_701-7.jpg\" alt=\"Carta_Tecnica_Nominas_701-7\" width=\"633\" height=\"553\" srcset=\"https:\/\/urshop.mx\/blog\/wp-content\/uploads\/2015\/04\/Carta_Tecnica_Nominas_701-7.jpg 633w, https:\/\/urshop.mx\/blog\/wp-content\/uploads\/2015\/04\/Carta_Tecnica_Nominas_701-7-300x262.jpg 300w\" sizes=\"auto, (max-width: 633px) 100vw, 633px\" \/><\/a><\/p>\n<p>&nbsp;<\/p>\n<p>&nbsp;<\/p>\n<p><strong>REPORTES <\/strong><\/p>\n<p>Ahora al ejecutar el reporte Proceso de Modificaci\u00f3n de SBC se aplica de forma correcta la modificaci\u00f3n de salario, aplicando el tope de los 25 salarios m\u00ednimos.<br \/>\nAnteriormente con algunos empleados al ejecutar este reporte se mostraba el mensaje: \u201cEl nuevo salario es negativo o sobrepasa el tope de los 25 SMGDF.\u201d<\/p>\n<p>&nbsp;<\/p>\n<p><strong>UTILER\u00cdAS<\/strong><\/p>\n<p>Ahora, al ejecutar la Reconstrucci\u00f3n del historial del empleado si se tienen empleados con sueldo mixto, ya no se presenta el siguiente mensaje: \u201cERROR GENERAL SQL ERROR MICROSOFT SQL SERVER NATIVE CLIENTE 10.0.0 SQL SERVER THE INCOMING TABULAR DATA STREAM TDS REMOTE PROCEDURE CALL RCP PROTOCOL STREAM IS INCORRECT PARAMETER 2 (&#8220;) DATA TYPE 0X00 IS UNKNOWN\u201d.<\/p>\n<p>&nbsp;<\/p>\n<p><strong>INTERFAZ<\/strong><\/p>\n<p>Se env\u00eda de forma correcta el segmento de negocio al enviar la p\u00f3liza.<br \/>\nAnteriormente al realizar el envi\u00f3 de p\u00f3liza, enviaba el mensaje: \u201cError al grabar p\u00f3liza excepci\u00f3n manejable: el segmento de negocio es obligatorio\u201d.<\/p>\n<p>&nbsp;<\/p>\n<p><strong>Importaci\u00f3n\/Exportaci\u00f3n<\/strong><\/p>\n<p>Se modific\u00f3 la extensi\u00f3n del archivo BBV.cfg (min\u00fasculas).<br \/>\nEn versiones anteriores el archivo tenia extensi\u00f3n *.CFG (may\u00fasculas) por lo que al momento de realizar la exportaci\u00f3n hacia el archivo ASCII, mostraba el mensaje: ERROR EL ARCHIVO DE CONFIGURACION &#8220;BBV.CFG&#8221; NO TIENE EXTENSION &#8220;.CFG&#8221; ES NECESARIO QUE SEA UN ARCHIVO DE CONFIGURACION VALIDO.<\/p>\n<p>&nbsp;<\/p>\n<p><strong>C\u00e1lculo de n\u00f3mina<\/strong><\/p>\n<p>Ya se valida que al momento de aplicar y guardar el c\u00e1lculo anual, no se permita realizar nuevamente el proceso, puesto que ya fue aplicado.<br \/>\nAntes, si se permit\u00eda, debido a que la base de datos no guardaba la informaci\u00f3n necesaria para revisar si el c\u00e1lculo anual fue aplicado con anterioridad. Esta situaci\u00f3n se presentaba s\u00f3lo con Microsoft\u00ae SQL Server\u00ae 2005.<\/p>\n<p>&nbsp;<\/p>\n<p><strong>Restaurar<\/strong><\/p>\n<p>Ahora al momento de recuperar un respaldo se valida correctamente la versi\u00f3n de Microsoft\u00ae SQL Server\u00ae Native Client, permitiendo que el proceso se realice exitosamente con cualquier versi\u00f3n de SQL Server compatible con CONTPAQi\u00ae N\u00f3minas.<br \/>\nEn versiones anteriores al momento de restaurar mostraba el mensaje: \u201cHUBO UN ERROR AL RECUPERAR EL RESPALDO GENERAL SQL ERROR CHANGE DATABASE CONTEXT TO MASTER ERROR\u201d.<\/p>\n<p>&nbsp;<\/p>\n","protected":false},"excerpt":{"rendered":"<p>Novedades 7.0.1 Preliminar e Impresi\u00f3n Infonavit Beneficio A partir de esta versi\u00f3n podr\u00e1s consultar la vista preliminar o imprimir el reporte de Estado de cuenta Infonavit desde la pesta\u00f1a Infonavit del sobre recibo &nbsp; Preliminar Al abrir el sobre-recibo podr\u00e1s seleccionar el bot\u00f3n Preliminar e Imprimir de la pesta\u00f1a Infonavit para visualizar el reporte Estado [&hellip;]<\/p>\n","protected":false},"author":1,"featured_media":480,"comment_status":"open","ping_status":"open","sticky":false,"template":"","format":"standard","meta":{"footnotes":""},"categories":[1,15],"tags":[],"class_list":["post-637","post","type-post","status-publish","format-standard","has-post-thumbnail","hentry","category-general","category-nominas"],"_links":{"self":[{"href":"https:\/\/urshop.mx\/blog\/wp-json\/wp\/v2\/posts\/637","targetHints":{"allow":["GET"]}}],"collection":[{"href":"https:\/\/urshop.mx\/blog\/wp-json\/wp\/v2\/posts"}],"about":[{"href":"https:\/\/urshop.mx\/blog\/wp-json\/wp\/v2\/types\/post"}],"author":[{"embeddable":true,"href":"https:\/\/urshop.mx\/blog\/wp-json\/wp\/v2\/users\/1"}],"replies":[{"embeddable":true,"href":"https:\/\/urshop.mx\/blog\/wp-json\/wp\/v2\/comments?post=637"}],"version-history":[{"count":1,"href":"https:\/\/urshop.mx\/blog\/wp-json\/wp\/v2\/posts\/637\/revisions"}],"predecessor-version":[{"id":644,"href":"https:\/\/urshop.mx\/blog\/wp-json\/wp\/v2\/posts\/637\/revisions\/644"}],"wp:featuredmedia":[{"embeddable":true,"href":"https:\/\/urshop.mx\/blog\/wp-json\/wp\/v2\/media\/480"}],"wp:attachment":[{"href":"https:\/\/urshop.mx\/blog\/wp-json\/wp\/v2\/media?parent=637"}],"wp:term":[{"taxonomy":"category","embeddable":true,"href":"https:\/\/urshop.mx\/blog\/wp-json\/wp\/v2\/categories?post=637"},{"taxonomy":"post_tag","embeddable":true,"href":"https:\/\/urshop.mx\/blog\/wp-json\/wp\/v2\/tags?post=637"}],"curies":[{"name":"wp","href":"https:\/\/api.w.org\/{rel}","templated":true}]}}